{"id":602,"date":"2023-05-25T10:45:16","date_gmt":"2023-05-25T08:45:16","guid":{"rendered":"https:\/\/www.fournierpolymers.com\/f2m\/?p=602"},"modified":"2023-06-02T13:38:50","modified_gmt":"2023-06-02T11:38:50","slug":"f2m-au-salon-plastexpo-du-7-au-10-juin-2023","status":"publish","type":"post","link":"https:\/\/www.fournierpolymers.com\/f2m\/2023\/05\/25\/f2m-au-salon-plastexpo-du-7-au-10-juin-2023\/","title":{"rendered":"F2M au Salon Plast\u2019Expo du 7 au 10 Juin 2023"},"content":{"rendered":"<p>[et_pb_section fb_built=&#8221;1&#8243; admin_label=&#8221;section&#8221; _builder_version=&#8221;4.16&#8243; custom_padding=&#8221;3px|||||&#8221; global_colors_info=&#8221;{}&#8221;][et_pb_row admin_label=&#8221;row&#8221; _builder_version=&#8221;4.16&#8243; background_size=&#8221;initial&#8221; background_position=&#8221;top_left&#8221; background_repeat=&#8221;repeat&#8221; global_colors_info=&#8221;{}&#8221;][et_pb_column type=&#8221;4_4&#8243; _builder_version=&#8221;4.16&#8243; custom_padding=&#8221;|||&#8221; global_colors_info=&#8221;{}&#8221; custom_padding__hover=&#8221;|||&#8221;][et_pb_image src=&#8221;https:\/\/www.fournierpolymers.com\/f2m\/wp-content\/uploads\/sites\/3\/2023\/05\/PlastExpo-2023-\u2013-Salon-international-du-plastique-au-Maroc-plast-expo.ma_.png&#8221; alt=&#8221;PlastExpo 2023 \u2013 Salon international du plastique au Maroc&#8221; title_text=&#8221;PlastExpo 2023 \u2013 Salon international du plastique au Maroc&#8221; _builder_version=&#8221;4.19.2&#8243; _module_preset=&#8221;default&#8221; global_colors_info=&#8221;{}&#8221;][\/et_pb_image][et_pb_text _builder_version=&#8221;4.19.2&#8243; _module_preset=&#8221;default&#8221; global_colors_info=&#8221;{}&#8221;]<\/p>\n<p>L\u2019\u00e9quipe F2M Maroc, sera pr\u00e9sente pour la 9<sup>\u00e8me<\/sup> \u00e9dition du <strong>Salon Plast\u2019Expo du 7 au 10 Juin 2023<\/strong>.<\/p>\n<p>Salon international du plastique, caoutchouc, composites et p\u00e9trochimie, organis\u00e9 par la F\u00e9d\u00e9ration Marocaine de Plasturgie.<\/p>\n<p>Rendez-vous sur notre <strong>stand D4A<\/strong>, au <strong>Parc d\u2019Exposition Mohammed VI \u2013 EL JADIDA &#8211; MAROC<\/strong>.<\/p>\n<p>[\/et_pb_text][\/et_pb_column][\/et_pb_row][\/et_pb_section]<\/p>\n","protected":false},"excerpt":{"rendered":"<p>L\u2019\u00e9quipe F2M Maroc, sera pr\u00e9sente pour la 9\u00e8me \u00e9dition du Salon Plast\u2019Expo du 7 au 10 Juin 2023.<br \/>\nSalon international du plastique, caoutchouc, composites et p\u00e9trochimie, organis\u00e9 par la F\u00e9d\u00e9ration Marocaine de Plasturgie&#8230;<\/p>\n","protected":false},"author":2,"featured_media":644,"comment_status":"closed","ping_status":"open","sticky":false,"template":"","format":"standard","meta":{"_et_pb_use_builder":"on","_et_pb_old_content":"","_et_gb_content_width":"","inline_featured_image":false,"footnotes":""},"categories":[1],"tags":[],"class_list":["post-602","post","type-post","status-publish","format-standard","has-post-thumbnail","hentry","category-non-classe"],"yoast_head":"<!-- This site is optimized with the Yoast SEO plugin v27.2 - https:\/\/yoast.com\/product\/yoast-seo-wordpress\/ -->\n<title>F2M au Salon Plast\u2019Expo du 7 au 10 Juin 2023 - Fournier Polymers - F2M<\/title>\n<meta name=\"robots\" content=\"index, follow, max-snippet:-1, max-image-preview:large, max-video-preview:-1\" \/>\n<link rel=\"canonical\" href=\"https:\/\/www.fournierpolymers.com\/f2m\/2023\/05\/25\/f2m-au-salon-plastexpo-du-7-au-10-juin-2023\/\" \/>\n<meta property=\"og:locale\" content=\"en_GB\" \/>\n<meta property=\"og:type\" content=\"article\" \/>\n<meta property=\"og:title\" content=\"F2M au Salon Plast\u2019Expo du 7 au 10 Juin 2023 - Fournier Polymers - F2M\" \/>\n<meta property=\"og:description\" content=\"L\u2019\u00e9quipe F2M Maroc, sera pr\u00e9sente pour la 9\u00e8me \u00e9dition du Salon Plast\u2019Expo du 7 au 10 Juin 2023. Salon international du plastique, caoutchouc, composites et p\u00e9trochimie, organis\u00e9 par la F\u00e9d\u00e9ration Marocaine de Plasturgie...\" \/>\n<meta property=\"og:url\" content=\"https:\/\/www.fournierpolymers.com\/f2m\/2023\/05\/25\/f2m-au-salon-plastexpo-du-7-au-10-juin-2023\/\" \/>\n<meta property=\"og:site_name\" content=\"Fournier Polymers - F2M\" \/>\n<meta property=\"article:published_time\" content=\"2023-05-25T08:45:16+00:00\" \/>\n<meta property=\"article:modified_time\" content=\"2023-06-02T11:38:50+00:00\" \/>\n<meta property=\"og:image\" content=\"https:\/\/www.fournierpolymers.com\/f2m\/wp-content\/uploads\/sites\/3\/2023\/05\/MAQUETTE-MODIFIER-LE-23-1.jpg\" \/>\n\t<meta property=\"og:image:width\" content=\"1000\" \/>\n\t<meta property=\"og:image:height\" content=\"667\" \/>\n\t<meta property=\"og:image:type\" content=\"image\/jpeg\" \/>\n<meta name=\"author\" content=\"sylvainfontanie\" \/>\n<meta name=\"twitter:card\" content=\"summary_large_image\" \/>\n<meta name=\"twitter:label1\" content=\"Written by\" \/>\n\t<meta name=\"twitter:data1\" content=\"sylvainfontanie\" \/>\n\t<meta name=\"twitter:label2\" content=\"Estimated reading time\" \/>\n\t<meta name=\"twitter:data2\" content=\"1 minute\" \/>\n<script type=\"application\/ld+json\" class=\"yoast-schema-graph\">{\"@context\":\"https:\/\/schema.org\",\"@graph\":[{\"@type\":\"Article\",\"@id\":\"https:\/\/www.fournierpolymers.com\/f2m\/2023\/05\/25\/f2m-au-salon-plastexpo-du-7-au-10-juin-2023\/#article\",\"isPartOf\":{\"@id\":\"https:\/\/www.fournierpolymers.com\/f2m\/2023\/05\/25\/f2m-au-salon-plastexpo-du-7-au-10-juin-2023\/\"},\"author\":{\"name\":\"sylvainfontanie\",\"@id\":\"https:\/\/www.fournierpolymers.com\/f2m\/#\/schema\/person\/872bf0aafa9862e3118d242d9e8bccea\"},\"headline\":\"F2M au Salon Plast\u2019Expo du 7 au 10 Juin 2023\",\"datePublished\":\"2023-05-25T08:45:16+00:00\",\"dateModified\":\"2023-06-02T11:38:50+00:00\",\"mainEntityOfPage\":{\"@id\":\"https:\/\/www.fournierpolymers.com\/f2m\/2023\/05\/25\/f2m-au-salon-plastexpo-du-7-au-10-juin-2023\/\"},\"wordCount\":182,\"image\":{\"@id\":\"https:\/\/www.fournierpolymers.com\/f2m\/2023\/05\/25\/f2m-au-salon-plastexpo-du-7-au-10-juin-2023\/#primaryimage\"},\"thumbnailUrl\":\"https:\/\/www.fournierpolymers.com\/f2m\/wp-content\/uploads\/sites\/3\/2023\/05\/MAQUETTE-MODIFIER-LE-23-1.jpg\",\"articleSection\":[\"Non class\u00e9\"],\"inLanguage\":\"en-GB\"},{\"@type\":\"WebPage\",\"@id\":\"https:\/\/www.fournierpolymers.com\/f2m\/2023\/05\/25\/f2m-au-salon-plastexpo-du-7-au-10-juin-2023\/\",\"url\":\"https:\/\/www.fournierpolymers.com\/f2m\/2023\/05\/25\/f2m-au-salon-plastexpo-du-7-au-10-juin-2023\/\",\"name\":\"F2M au Salon Plast\u2019Expo du 7 au 10 Juin 2023 - Fournier Polymers - F2M\",\"isPartOf\":{\"@id\":\"https:\/\/www.fournierpolymers.com\/f2m\/#website\"},\"primaryImageOfPage\":{\"@id\":\"https:\/\/www.fournierpolymers.com\/f2m\/2023\/05\/25\/f2m-au-salon-plastexpo-du-7-au-10-juin-2023\/#primaryimage\"},\"image\":{\"@id\":\"https:\/\/www.fournierpolymers.com\/f2m\/2023\/05\/25\/f2m-au-salon-plastexpo-du-7-au-10-juin-2023\/#primaryimage\"},\"thumbnailUrl\":\"https:\/\/www.fournierpolymers.com\/f2m\/wp-content\/uploads\/sites\/3\/2023\/05\/MAQUETTE-MODIFIER-LE-23-1.jpg\",\"datePublished\":\"2023-05-25T08:45:16+00:00\",\"dateModified\":\"2023-06-02T11:38:50+00:00\",\"author\":{\"@id\":\"https:\/\/www.fournierpolymers.com\/f2m\/#\/schema\/person\/872bf0aafa9862e3118d242d9e8bccea\"},\"breadcrumb\":{\"@id\":\"https:\/\/www.fournierpolymers.com\/f2m\/2023\/05\/25\/f2m-au-salon-plastexpo-du-7-au-10-juin-2023\/#breadcrumb\"},\"inLanguage\":\"en-GB\",\"potentialAction\":[{\"@type\":\"ReadAction\",\"target\":[\"https:\/\/www.fournierpolymers.com\/f2m\/2023\/05\/25\/f2m-au-salon-plastexpo-du-7-au-10-juin-2023\/\"]}]},{\"@type\":\"ImageObject\",\"inLanguage\":\"en-GB\",\"@id\":\"https:\/\/www.fournierpolymers.com\/f2m\/2023\/05\/25\/f2m-au-salon-plastexpo-du-7-au-10-juin-2023\/#primaryimage\",\"url\":\"https:\/\/www.fournierpolymers.com\/f2m\/wp-content\/uploads\/sites\/3\/2023\/05\/MAQUETTE-MODIFIER-LE-23-1.jpg\",\"contentUrl\":\"https:\/\/www.fournierpolymers.com\/f2m\/wp-content\/uploads\/sites\/3\/2023\/05\/MAQUETTE-MODIFIER-LE-23-1.jpg\",\"width\":1000,\"height\":667,\"caption\":\"Plast'Expo 2023\"},{\"@type\":\"BreadcrumbList\",\"@id\":\"https:\/\/www.fournierpolymers.com\/f2m\/2023\/05\/25\/f2m-au-salon-plastexpo-du-7-au-10-juin-2023\/#breadcrumb\",\"itemListElement\":[{\"@type\":\"ListItem\",\"position\":1,\"name\":\"Home\",\"item\":\"https:\/\/www.fournierpolymers.com\/f2m\/en\/home\/\"},{\"@type\":\"ListItem\",\"position\":2,\"name\":\"F2M au Salon Plast\u2019Expo du 7 au 10 Juin 2023\"}]},{\"@type\":\"WebSite\",\"@id\":\"https:\/\/www.fournierpolymers.com\/f2m\/#website\",\"url\":\"https:\/\/www.fournierpolymers.com\/f2m\/\",\"name\":\"Fournier Polymers - F2M\",\"description\":\"\",\"potentialAction\":[{\"@type\":\"SearchAction\",\"target\":{\"@type\":\"EntryPoint\",\"urlTemplate\":\"https:\/\/www.fournierpolymers.com\/f2m\/?s={search_term_string}\"},\"query-input\":{\"@type\":\"PropertyValueSpecification\",\"valueRequired\":true,\"valueName\":\"search_term_string\"}}],\"inLanguage\":\"en-GB\"},{\"@type\":\"Person\",\"@id\":\"https:\/\/www.fournierpolymers.com\/f2m\/#\/schema\/person\/872bf0aafa9862e3118d242d9e8bccea\",\"name\":\"sylvainfontanie\",\"image\":{\"@type\":\"ImageObject\",\"inLanguage\":\"en-GB\",\"@id\":\"https:\/\/secure.gravatar.com\/avatar\/b1762ed2507493169caa603ad3d4d7839e30345223636f6ba570fabae5a23173?s=96&d=mm&r=g\",\"url\":\"https:\/\/secure.gravatar.com\/avatar\/b1762ed2507493169caa603ad3d4d7839e30345223636f6ba570fabae5a23173?s=96&d=mm&r=g\",\"contentUrl\":\"https:\/\/secure.gravatar.com\/avatar\/b1762ed2507493169caa603ad3d4d7839e30345223636f6ba570fabae5a23173?s=96&d=mm&r=g\",\"caption\":\"sylvainfontanie\"},\"url\":\"https:\/\/www.fournierpolymers.com\/f2m\/author\/sylvainfontanie\/\"}]}<\/script>\n<!-- \/ Yoast SEO plugin. -->","yoast_head_json":{"title":"F2M au Salon Plast\u2019Expo du 7 au 10 Juin 2023 - Fournier Polymers - F2M","robots":{"index":"index","follow":"follow","max-snippet":"max-snippet:-1","max-image-preview":"max-image-preview:large","max-video-preview":"max-video-preview:-1"},"canonical":"https:\/\/www.fournierpolymers.com\/f2m\/2023\/05\/25\/f2m-au-salon-plastexpo-du-7-au-10-juin-2023\/","og_locale":"en_GB","og_type":"article","og_title":"F2M au Salon Plast\u2019Expo du 7 au 10 Juin 2023 - Fournier Polymers - F2M","og_description":"L\u2019\u00e9quipe F2M Maroc, sera pr\u00e9sente pour la 9\u00e8me \u00e9dition du Salon Plast\u2019Expo du 7 au 10 Juin 2023. Salon international du plastique, caoutchouc, composites et p\u00e9trochimie, organis\u00e9 par la F\u00e9d\u00e9ration Marocaine de Plasturgie...","og_url":"https:\/\/www.fournierpolymers.com\/f2m\/2023\/05\/25\/f2m-au-salon-plastexpo-du-7-au-10-juin-2023\/","og_site_name":"Fournier Polymers - F2M","article_published_time":"2023-05-25T08:45:16+00:00","article_modified_time":"2023-06-02T11:38:50+00:00","og_image":[{"width":1000,"height":667,"url":"https:\/\/www.fournierpolymers.com\/f2m\/wp-content\/uploads\/sites\/3\/2023\/05\/MAQUETTE-MODIFIER-LE-23-1.jpg","type":"image\/jpeg"}],"author":"sylvainfontanie","twitter_card":"summary_large_image","twitter_misc":{"Written by":"sylvainfontanie","Estimated reading time":"1 minute"},"schema":{"@context":"https:\/\/schema.org","@graph":[{"@type":"Article","@id":"https:\/\/www.fournierpolymers.com\/f2m\/2023\/05\/25\/f2m-au-salon-plastexpo-du-7-au-10-juin-2023\/#article","isPartOf":{"@id":"https:\/\/www.fournierpolymers.com\/f2m\/2023\/05\/25\/f2m-au-salon-plastexpo-du-7-au-10-juin-2023\/"},"author":{"name":"sylvainfontanie","@id":"https:\/\/www.fournierpolymers.com\/f2m\/#\/schema\/person\/872bf0aafa9862e3118d242d9e8bccea"},"headline":"F2M au Salon Plast\u2019Expo du 7 au 10 Juin 2023","datePublished":"2023-05-25T08:45:16+00:00","dateModified":"2023-06-02T11:38:50+00:00","mainEntityOfPage":{"@id":"https:\/\/www.fournierpolymers.com\/f2m\/2023\/05\/25\/f2m-au-salon-plastexpo-du-7-au-10-juin-2023\/"},"wordCount":182,"image":{"@id":"https:\/\/www.fournierpolymers.com\/f2m\/2023\/05\/25\/f2m-au-salon-plastexpo-du-7-au-10-juin-2023\/#primaryimage"},"thumbnailUrl":"https:\/\/www.fournierpolymers.com\/f2m\/wp-content\/uploads\/sites\/3\/2023\/05\/MAQUETTE-MODIFIER-LE-23-1.jpg","articleSection":["Non class\u00e9"],"inLanguage":"en-GB"},{"@type":"WebPage","@id":"https:\/\/www.fournierpolymers.com\/f2m\/2023\/05\/25\/f2m-au-salon-plastexpo-du-7-au-10-juin-2023\/","url":"https:\/\/www.fournierpolymers.com\/f2m\/2023\/05\/25\/f2m-au-salon-plastexpo-du-7-au-10-juin-2023\/","name":"F2M au Salon Plast\u2019Expo du 7 au 10 Juin 2023 - Fournier Polymers - F2M","isPartOf":{"@id":"https:\/\/www.fournierpolymers.com\/f2m\/#website"},"primaryImageOfPage":{"@id":"https:\/\/www.fournierpolymers.com\/f2m\/2023\/05\/25\/f2m-au-salon-plastexpo-du-7-au-10-juin-2023\/#primaryimage"},"image":{"@id":"https:\/\/www.fournierpolymers.com\/f2m\/2023\/05\/25\/f2m-au-salon-plastexpo-du-7-au-10-juin-2023\/#primaryimage"},"thumbnailUrl":"https:\/\/www.fournierpolymers.com\/f2m\/wp-content\/uploads\/sites\/3\/2023\/05\/MAQUETTE-MODIFIER-LE-23-1.jpg","datePublished":"2023-05-25T08:45:16+00:00","dateModified":"2023-06-02T11:38:50+00:00","author":{"@id":"https:\/\/www.fournierpolymers.com\/f2m\/#\/schema\/person\/872bf0aafa9862e3118d242d9e8bccea"},"breadcrumb":{"@id":"https:\/\/www.fournierpolymers.com\/f2m\/2023\/05\/25\/f2m-au-salon-plastexpo-du-7-au-10-juin-2023\/#breadcrumb"},"inLanguage":"en-GB","potentialAction":[{"@type":"ReadAction","target":["https:\/\/www.fournierpolymers.com\/f2m\/2023\/05\/25\/f2m-au-salon-plastexpo-du-7-au-10-juin-2023\/"]}]},{"@type":"ImageObject","inLanguage":"en-GB","@id":"https:\/\/www.fournierpolymers.com\/f2m\/2023\/05\/25\/f2m-au-salon-plastexpo-du-7-au-10-juin-2023\/#primaryimage","url":"https:\/\/www.fournierpolymers.com\/f2m\/wp-content\/uploads\/sites\/3\/2023\/05\/MAQUETTE-MODIFIER-LE-23-1.jpg","contentUrl":"https:\/\/www.fournierpolymers.com\/f2m\/wp-content\/uploads\/sites\/3\/2023\/05\/MAQUETTE-MODIFIER-LE-23-1.jpg","width":1000,"height":667,"caption":"Plast'Expo 2023"},{"@type":"BreadcrumbList","@id":"https:\/\/www.fournierpolymers.com\/f2m\/2023\/05\/25\/f2m-au-salon-plastexpo-du-7-au-10-juin-2023\/#breadcrumb","itemListElement":[{"@type":"ListItem","position":1,"name":"Home","item":"https:\/\/www.fournierpolymers.com\/f2m\/en\/home\/"},{"@type":"ListItem","position":2,"name":"F2M au Salon Plast\u2019Expo du 7 au 10 Juin 2023"}]},{"@type":"WebSite","@id":"https:\/\/www.fournierpolymers.com\/f2m\/#website","url":"https:\/\/www.fournierpolymers.com\/f2m\/","name":"Fournier Polymers - F2M","description":"","potentialAction":[{"@type":"SearchAction","target":{"@type":"EntryPoint","urlTemplate":"https:\/\/www.fournierpolymers.com\/f2m\/?s={search_term_string}"},"query-input":{"@type":"PropertyValueSpecification","valueRequired":true,"valueName":"search_term_string"}}],"inLanguage":"en-GB"},{"@type":"Person","@id":"https:\/\/www.fournierpolymers.com\/f2m\/#\/schema\/person\/872bf0aafa9862e3118d242d9e8bccea","name":"sylvainfontanie","image":{"@type":"ImageObject","inLanguage":"en-GB","@id":"https:\/\/secure.gravatar.com\/avatar\/b1762ed2507493169caa603ad3d4d7839e30345223636f6ba570fabae5a23173?s=96&d=mm&r=g","url":"https:\/\/secure.gravatar.com\/avatar\/b1762ed2507493169caa603ad3d4d7839e30345223636f6ba570fabae5a23173?s=96&d=mm&r=g","contentUrl":"https:\/\/secure.gravatar.com\/avatar\/b1762ed2507493169caa603ad3d4d7839e30345223636f6ba570fabae5a23173?s=96&d=mm&r=g","caption":"sylvainfontanie"},"url":"https:\/\/www.fournierpolymers.com\/f2m\/author\/sylvainfontanie\/"}]}},"_links":{"self":[{"href":"https:\/\/www.fournierpolymers.com\/f2m\/wp-json\/wp\/v2\/posts\/602","targetHints":{"allow":["GET"]}}],"collection":[{"href":"https:\/\/www.fournierpolymers.com\/f2m\/wp-json\/wp\/v2\/posts"}],"about":[{"href":"https:\/\/www.fournierpolymers.com\/f2m\/wp-json\/wp\/v2\/types\/post"}],"author":[{"embeddable":true,"href":"https:\/\/www.fournierpolymers.com\/f2m\/wp-json\/wp\/v2\/users\/2"}],"replies":[{"embeddable":true,"href":"https:\/\/www.fournierpolymers.com\/f2m\/wp-json\/wp\/v2\/comments?post=602"}],"version-history":[{"count":7,"href":"https:\/\/www.fournierpolymers.com\/f2m\/wp-json\/wp\/v2\/posts\/602\/revisions"}],"predecessor-version":[{"id":645,"href":"https:\/\/www.fournierpolymers.com\/f2m\/wp-json\/wp\/v2\/posts\/602\/revisions\/645"}],"wp:featuredmedia":[{"embeddable":true,"href":"https:\/\/www.fournierpolymers.com\/f2m\/wp-json\/wp\/v2\/media\/644"}],"wp:attachment":[{"href":"https:\/\/www.fournierpolymers.com\/f2m\/wp-json\/wp\/v2\/media?parent=602"}],"wp:term":[{"taxonomy":"category","embeddable":true,"href":"https:\/\/www.fournierpolymers.com\/f2m\/wp-json\/wp\/v2\/categories?post=602"},{"taxonomy":"post_tag","embeddable":true,"href":"https:\/\/www.fournierpolymers.com\/f2m\/wp-json\/wp\/v2\/tags?post=602"}],"curies":[{"name":"wp","href":"https:\/\/api.w.org\/{rel}","templated":true}]}}